{"id":1024,"date":"2013-12-29T15:44:34","date_gmt":"2013-12-29T15:44:34","guid":{"rendered":"http:\/\/fegrama.cat\/web\/?p=1024"},"modified":"2014-01-14T17:39:54","modified_gmt":"2014-01-14T17:39:54","slug":"el-tecnic-del-primer-equip-de-la-f-e-g-dimiteix-per-motius-familiars","status":"publish","type":"post","link":"http:\/\/fegrama.cat\/web\/el-tecnic-del-primer-equip-de-la-f-e-g-dimiteix-per-motius-familiars\/","title":{"rendered":"El t\u00e8cnic del primer equip de la F.E.G. dimiteix"},"content":{"rendered":"<p style=\"text-align: justify;\"><span style=\"color: #000000;\">-La <strong>Fundaci\u00f3 Esportiva Grama<\/strong> vol comunicar oficialment que el t\u00e8cnic del <a title=\"Primer Equip FEG\" href=\"http:\/\/fegrama.cat\/web\/primer-equip\/\" target=\"_blank\">nostre primer equip,<strong> Jordi Mart\u00ednez Herv\u00e1s<\/strong>, <\/a>deixa la disciplina de la nostra entitat en presentar la seva dimissi\u00f3. <\/span><\/p>\n<p><span style=\"color: #000000;\">Des de la F.E. Grama volem agrair-li la seva dedicaci\u00f3, haver format part del nostre projecte, i desitjar-li sort pel seu futur professional i personal.\u00a0<\/span><\/p>\n<p><span style=\"color: #000000;\">La <strong>Junta Directiva<\/strong> de la Fundaci\u00f3 i els estaments esportius pertinents treballen a hores d\u2019ara per buscar un substitut. Us informarem quan tinguem m\u00e9s not\u00edcies de manera oficial.<\/span><\/p>\n<p style=\"text-align: justify;\"><span style=\"color: #000000;\">-La Fundaci\u00f3 DEportiva Grama quiere comunicar oficialmente que el t\u00e9cnico de nuestro primer equipo, Jordi Mart\u00ednez Herv\u00e1s, deja la disciplina de nuestra entidad en presentar su dimisi\u00f3n. <\/span><\/p>\n<p><span style=\"color: #000000;\">Desde la F.E. Grama queremos agradecerle su dedicaci\u00f3n, haber formado parte de nuestro proyecto, y desearle suerte para su futuro profesional y personal.<\/span><\/p>\n<p><span style=\"color: #000000;\">La Junta Directiva de la Fundaci\u00f3n y los estamentos deportivos pertinentes trabajan en estos momentos para buscar un sustituto. Os informaremos cuando tengamos m\u00e1s not\u00edcias de manera oficial.<\/span><\/p>\n","protected":false},"excerpt":{"rendered":"<p>-La Fundaci\u00f3 Esportiva Grama vol comunicar oficialment que el t\u00e8cnic del nostre primer equip, Jordi Mart\u00ednez Herv\u00e1s, deixa la disciplina de la nostra entitat en presentar la seva dimissi\u00f3. Des de la F.E. Grama volem agrair-li la seva dedicaci\u00f3, haver format part del nostre projecte, i desitjar-li sort pel seu futur professional i personal.\u00a0 La [&hellip;]<\/p>\n","protected":false},"author":1,"featured_media":1025,"comment_status":"closed","ping_status":"closed","sticky":false,"template":"","format":"standard","meta":{"footnotes":""},"categories":[14],"tags":[24,198,21],"class_list":["post-1024","post","type-post","status-publish","format-standard","has-post-thumbnail","hentry","category-noticies","tag-fundacio-esportiva-grama","tag-jordi-martinez-hervas","tag-santa-coloma"],"_links":{"self":[{"href":"http:\/\/fegrama.cat\/web\/wp-json\/wp\/v2\/posts\/1024","targetHints":{"allow":["GET"]}}],"collection":[{"href":"http:\/\/fegrama.cat\/web\/wp-json\/wp\/v2\/posts"}],"about":[{"href":"http:\/\/fegrama.cat\/web\/wp-json\/wp\/v2\/types\/post"}],"author":[{"embeddable":true,"href":"http:\/\/fegrama.cat\/web\/wp-json\/wp\/v2\/users\/1"}],"replies":[{"embeddable":true,"href":"http:\/\/fegrama.cat\/web\/wp-json\/wp\/v2\/comments?post=1024"}],"version-history":[{"count":4,"href":"http:\/\/fegrama.cat\/web\/wp-json\/wp\/v2\/posts\/1024\/revisions"}],"predecessor-version":[{"id":1317,"href":"http:\/\/fegrama.cat\/web\/wp-json\/wp\/v2\/posts\/1024\/revisions\/1317"}],"wp:featuredmedia":[{"embeddable":true,"href":"http:\/\/fegrama.cat\/web\/wp-json\/wp\/v2\/media\/1025"}],"wp:attachment":[{"href":"http:\/\/fegrama.cat\/web\/wp-json\/wp\/v2\/media?parent=1024"}],"wp:term":[{"taxonomy":"category","embeddable":true,"href":"http:\/\/fegrama.cat\/web\/wp-json\/wp\/v2\/categories?post=1024"},{"taxonomy":"post_tag","embeddable":true,"href":"http:\/\/fegrama.cat\/web\/wp-json\/wp\/v2\/tags?post=1024"}],"curies":[{"name":"wp","href":"https:\/\/api.w.org\/{rel}","templated":true}]}}