{"id":10228,"date":"2015-03-23T17:21:33","date_gmt":"2015-03-23T16:21:33","guid":{"rendered":"http:\/\/fegrama.cat\/web\/?p=10228"},"modified":"2015-03-23T17:44:35","modified_gmt":"2015-03-23T16:44:35","slug":"lalevi-f-va-guanyar-al-guinardo","status":"publish","type":"post","link":"http:\/\/fegrama.cat\/web\/lalevi-f-va-guanyar-al-guinardo\/","title":{"rendered":"L&#8217;Alev\u00ed \u00abF\u00bb va guanyar al Guinard\u00f3"},"content":{"rendered":"<p>Important vict\u00f2ria per a l&#8217;equip d&#8217;Albert Jornet i Daniel Zambrana, al Municipal Guinard\u00f3 la Fundaci\u00f3 Esportiva Grama va tenir un partit molt complicat davant el FC Martinenc \u00abG\u00bb. El nostre <strong>Alev\u00ed \u00abF\u00bb<\/strong> va aconseguir emportar-se els tres punts gr\u00e0cies a un resultat de <strong>3-5<\/strong>, la setena vict\u00f2ria consecutiva de l&#8217;equip.<\/p>\n<p>Als quatre minuts els locals sorprenien a la Grama marcant el 1-0 per\u00f2 dos gols d&#8217;H\u00e9ctor Garc\u00eda donaven la volta al partit, semblava que marxarien amb avantatge al descans per\u00f2 el Martinenc a falta de cinc minuts marcava el 2-2. Despr\u00e9s del pas per vestuaris el partit no canviaria i seguiria igual d&#8217;emocionant.<\/p>\n<p>No va ser fins al darrer quart quan tot es va decidir. Javier Peralta i Antonio Amaya van posar un 2-4 al marcador a falta de deu minuts per al final. A vuit minuts del final el Martinenc retallava dist\u00e0ncies per\u00f2 de seguida Joel Aguilar tancava el partit. La propera jornada arriba un partit molt important a casa contra el CCD Tur\u00f3 de la Peira \u00abB\u00bb, tercer classificat amb dos punts m\u00e9s que els nostres.<\/p>\n<p><a href=\"http:\/\/fegrama.cat\/web\/wp-content\/uploads\/2015\/03\/alevF220315.jpg\"><img loading=\"lazy\" decoding=\"async\" class=\"aligncenter size-full wp-image-10229\" alt=\"alevF220315\" src=\"http:\/\/fegrama.cat\/web\/wp-content\/uploads\/2015\/03\/alevF220315.jpg\" width=\"963\" height=\"638\" \/><\/a><\/p>\n<p>Importante victoria para el equipo de\u00a0Albert Jornet y\u00a0Daniel Zambrana, en el Municipal Guinard\u00f3 la Fundaci\u00f3 Esportiva Grama tuvo un partido muy complicado ante el FC Martinenc \u00abG\u00bb. Nuestro Alev\u00edn \u00abF\u00bb consigui\u00f3 llevarse los tres puntos gracias a un resultado de 3-5, la s\u00e9ptima victoria consecutiva del equipo.<\/p>\n<p>A los cuatro minutos los locales sorprend\u00edan a la Grama marcando el 1-0 pero dos goles de H\u00e9ctor Garc\u00eda daban la vuelta al partido, parec\u00eda que se marchar\u00edan con ventaja al descanso pero el Martinenc a falta de cinco minutos marcaba el 2-2. Tras el paso por vestuarios el partido no cambiar\u00eda y seguir\u00eda igual de emocionante.<\/p>\n<p>No fue\u00a0hasta el \u00faltimo cuarto cuando todo se decidi\u00f3. Javier Peralta y Antonio Amaya pusieron un 2-4 en el marcador a falta de diez minutos para el final. A ocho minutos del final el Martinenc recortaba distancias pero enseguida Joel Aguilar cerraba el partido. La pr\u00f3xima jornada llega un partido muy importante en casa contra el CCD Tur\u00f3 de la Peira \u00abB\u00bb, tercer clasificado con dos puntos m\u00e1s que los nuestros.<\/p>\n","protected":false},"excerpt":{"rendered":"<p>Important vict\u00f2ria per a l&#8217;equip d&#8217;Albert Jornet i Daniel Zambrana, al Municipal Guinard\u00f3 la Fundaci\u00f3 Esportiva Grama va tenir un partit molt complicat davant el FC Martinenc \u00abG\u00bb. El nostre Alev\u00ed \u00abF\u00bb va aconseguir emportar-se els tres punts gr\u00e0cies a un resultat de 3-5, la setena vict\u00f2ria consecutiva de l&#8217;equip. Als quatre minuts els locals [&hellip;]<\/p>\n","protected":false},"author":1,"featured_media":0,"comment_status":"closed","ping_status":"closed","sticky":false,"template":"","format":"standard","meta":{"footnotes":""},"categories":[10,4],"tags":[],"class_list":["post-10228","post","type-post","status-publish","format-standard","hentry","category-alevins","category-base-inclusiu"],"_links":{"self":[{"href":"http:\/\/fegrama.cat\/web\/wp-json\/wp\/v2\/posts\/10228","targetHints":{"allow":["GET"]}}],"collection":[{"href":"http:\/\/fegrama.cat\/web\/wp-json\/wp\/v2\/posts"}],"about":[{"href":"http:\/\/fegrama.cat\/web\/wp-json\/wp\/v2\/types\/post"}],"author":[{"embeddable":true,"href":"http:\/\/fegrama.cat\/web\/wp-json\/wp\/v2\/users\/1"}],"replies":[{"embeddable":true,"href":"http:\/\/fegrama.cat\/web\/wp-json\/wp\/v2\/comments?post=10228"}],"version-history":[{"count":1,"href":"http:\/\/fegrama.cat\/web\/wp-json\/wp\/v2\/posts\/10228\/revisions"}],"predecessor-version":[{"id":10230,"href":"http:\/\/fegrama.cat\/web\/wp-json\/wp\/v2\/posts\/10228\/revisions\/10230"}],"wp:attachment":[{"href":"http:\/\/fegrama.cat\/web\/wp-json\/wp\/v2\/media?parent=10228"}],"wp:term":[{"taxonomy":"category","embeddable":true,"href":"http:\/\/fegrama.cat\/web\/wp-json\/wp\/v2\/categories?post=10228"},{"taxonomy":"post_tag","embeddable":true,"href":"http:\/\/fegrama.cat\/web\/wp-json\/wp\/v2\/tags?post=10228"}],"curies":[{"name":"wp","href":"https:\/\/api.w.org\/{rel}","templated":true}]}}