{"id":10073,"date":"2015-03-16T12:05:09","date_gmt":"2015-03-16T11:05:09","guid":{"rendered":"http:\/\/fegrama.cat\/web\/?p=10073"},"modified":"2015-03-16T12:09:02","modified_gmt":"2015-03-16T11:09:02","slug":"linfantil-alevi-va-golejar-al-cuer-de-la-lliga","status":"publish","type":"post","link":"http:\/\/fegrama.cat\/web\/linfantil-alevi-va-golejar-al-cuer-de-la-lliga\/","title":{"rendered":"L&#8217;Infantil-Alev\u00ed va golejar al cuer de la lliga"},"content":{"rendered":"<p>L&#8217;<strong>Infantil-Alev\u00ed Femen\u00ed<\/strong> de la Fundaci\u00f3 Esportiva Grama va deixar enrere la mala ratxa de sis partits sense guanyar. Dissabte al Municipal Les Oliveres l&#8217;equip va golejar per un volumin\u00f3s <strong>16-0<\/strong> al CE Vacarisses, \u00faltim classificat amb 0 punts sent l&#8217;equip menys golejador de la lliga i el que m\u00e9s gols ha encaixat.<\/p>\n<p>Les noies de Joshua Dom\u00ednguez van sortir endollades al camp avisant amb un bon tir de Sara Aljaro que en el minut 5 marcaria de tir lluny\u00e0 el 1-0, un gol\u00e0s. Aprofitant que la portera rival era baixeta la portera Eva de porteria a porteria va intentar diverses vegades marcar un gol, la portera visitant i un travesser van evitar el seu gol.<\/p>\n<p>Maia Jim\u00e9nez de lluny, Sara de tir creuat o Noelia van tenir ocasions per augmentar l&#8217;avantatge; el travesser evitava un gran gol de Maia i la portera rival treia bona mans, era tot un festival d&#8217;ocasions el que est\u00e0vem veient. En l&#8217;arrencada del segon quart van arribar els gols de la Mariona de forta tir i de Maia de centre-xut.<\/p>\n<p>La Fundaci\u00f3 s&#8217;estava mostrant intractable, dominava i creava perill, i no deixava acostar-se a l&#8217;\u00e0rea al seu rival. Una passada de la Maia va ser aprofitat per Mariona. L&#8217;alevina Carla Conde amb un gol\u00e0s\u00a0va posar la \u00abmaneta\u00bb al marcador i Mariona de nou tanca una primera meitat amb 6-0.<\/p>\n<p>El partit estava completament sentenciat, les noies despr\u00e9s del descans van seguir jugant a un grand\u00edssim nivell sense donar-li opcions al conjunt visitant. Deu gols m\u00e9s van caure en la segona meitat: dos m\u00e9s de la Mariona, un hat-trick de Cristina Aponte, un gol m\u00e9s per Carla Conde, i gols tamb\u00e9 de Maia, Alba Romero, Noelia i Xenia.<\/p>\n<p><strong>FOTOS DEL PARTIT:<\/strong>\u00a0<a href=\"https:\/\/plus.google.com\/photos\/+FegSantacoloma\/albums\/6126169878705515601\" target=\"_blank\">https:\/\/plus.google.com\/photos\/+FegSantacoloma\/albums\/6126169878705515601<\/a><\/p>\n<p><a href=\"http:\/\/fegrama.cat\/web\/wp-content\/uploads\/2015\/03\/infalev150315.jpg\"><img loading=\"lazy\" decoding=\"async\" class=\"aligncenter size-full wp-image-10080\" alt=\"infalev150315\" src=\"http:\/\/fegrama.cat\/web\/wp-content\/uploads\/2015\/03\/infalev150315.jpg\" width=\"965\" height=\"620\" \/><\/a><\/p>\n<p>El Infantil-Alev\u00edn Femenino de la Fundaci\u00f3 Esportiva Grama dej\u00f3 atr\u00e1s la mala racha de seis partidos sin ganar. El s\u00e1bado en el Municipal Les Oliveres el equipo gole\u00f3 por un abultado 16-0 al CE Vacarisses, \u00faltimo clasificado con 0 puntos siendo el equipo menos goleador de la liga y el que m\u00e1s goles ha encajado.<\/p>\n<p>Las chicas de Joshua Dom\u00ednguez salieron enchufadas al campo avisando con un buen tiro de Sara Aljaro que en el minuto 5 marcar\u00eda de tiro lejano el 1-0, un golazo.\u00a0Aprovechando que la portera rival era bajita la portera Eva de porter\u00eda a porter\u00eda intent\u00f3 varias veces marcar un gol, la portera visitante y un larguero evitaron su gol.<\/p>\n<p>Maia Jim\u00e9nez de lejos, Sara de tiro cruzado o Noelia tuvieron ocasiones para aumentar la ventaja; el larguero evitaba un gran gol de Maia y la portera rival sacaba buena manos, era todo un festival de ocasiones lo que est\u00e1bamos viendo. En el arranque del segundo cuarto llegaron los goles de Mariona de fuerte tiro y de Maia de centro-chut.<\/p>\n<p>La Fundaci\u00f3 se estaba mostrando intratable, dominaba y creaba peligro, y no dejaba acercarse al \u00e1rea a su rival. Un pase de Maia fue aprovechado por Mariona. La alevina Carla Conde con un golazo para poner la \u00abmanita\u00bb en el marcador\u00a0y Mariona de nuevo cerraban una primera mitad con 6-0.<\/p>\n<p>El partido estaba completamente sentenciado, las chicas tras el descanso siguieron jugando a un grand\u00edsimo nivel sin darle opciones al conjunto visitante. Diez goles m\u00e1s cayeron en la segunda mitad: dos m\u00e1s de Mariona, un hat-trick de Cristina Aponte, un gol m\u00e1s para Carla Conde, y goles tambi\u00e9n de Maia, Alba Romero, Noela y Xenia.<\/p>\n","protected":false},"excerpt":{"rendered":"<p>L&#8217;Infantil-Alev\u00ed Femen\u00ed de la Fundaci\u00f3 Esportiva Grama va deixar enrere la mala ratxa de sis partits sense guanyar. Dissabte al Municipal Les Oliveres l&#8217;equip va golejar per un volumin\u00f3s 16-0 al CE Vacarisses, \u00faltim classificat amb 0 punts sent l&#8217;equip menys golejador de la lliga i el que m\u00e9s gols ha encaixat. Les noies de [&hellip;]<\/p>\n","protected":false},"author":1,"featured_media":0,"comment_status":"closed","ping_status":"closed","sticky":false,"template":"","format":"standard","meta":{"footnotes":""},"categories":[4,13],"tags":[],"class_list":["post-10073","post","type-post","status-publish","format-standard","hentry","category-base-inclusiu","category-femeni"],"_links":{"self":[{"href":"http:\/\/fegrama.cat\/web\/wp-json\/wp\/v2\/posts\/10073","targetHints":{"allow":["GET"]}}],"collection":[{"href":"http:\/\/fegrama.cat\/web\/wp-json\/wp\/v2\/posts"}],"about":[{"href":"http:\/\/fegrama.cat\/web\/wp-json\/wp\/v2\/types\/post"}],"author":[{"embeddable":true,"href":"http:\/\/fegrama.cat\/web\/wp-json\/wp\/v2\/users\/1"}],"replies":[{"embeddable":true,"href":"http:\/\/fegrama.cat\/web\/wp-json\/wp\/v2\/comments?post=10073"}],"version-history":[{"count":3,"href":"http:\/\/fegrama.cat\/web\/wp-json\/wp\/v2\/posts\/10073\/revisions"}],"predecessor-version":[{"id":10081,"href":"http:\/\/fegrama.cat\/web\/wp-json\/wp\/v2\/posts\/10073\/revisions\/10081"}],"wp:attachment":[{"href":"http:\/\/fegrama.cat\/web\/wp-json\/wp\/v2\/media?parent=10073"}],"wp:term":[{"taxonomy":"category","embeddable":true,"href":"http:\/\/fegrama.cat\/web\/wp-json\/wp\/v2\/categories?post=10073"},{"taxonomy":"post_tag","embeddable":true,"href":"http:\/\/fegrama.cat\/web\/wp-json\/wp\/v2\/tags?post=10073"}],"curies":[{"name":"wp","href":"https:\/\/api.w.org\/{rel}","templated":true}]}}